{"id":1832,"count":5,"description":"La soir\u00e9e du 21 mai 2024 a \u00e9t\u00e9 l'occasion de d\u00e9couvrir les diff\u00e9rents visages de l'agriculture r\u00e9gionale au travers de t\u00e9moignages d\u2019agricultrices et agriculteurs : \r\n- No\u00e9mie TANNEAU, \u00ab Viticultrice engag\u00e9e \u00bb en Gironde\r\n\u2013 Lo\u00efc KERNANET, en GAEC \u00ab hors cadre \u00bb \u2013 La Maisonneuve en Corr\u00e8ze \u2013 Patricia REBILLOU optimiste pour son fils Gr\u00e9gory face aux d\u00e9fis de production de fraises en Dordogne \r\n\u2013 Charlotte PEYRAUBE, \u00ab Les 3 vies d\u2019une jeune maman agricultrice \u00bb dans les Landes \r\n\u2013 Guillaume CHAMOULEAU, \u00ab Producteur de richesses v\u00e9g\u00e9tales \u00bb en Charente \r\n\u2013 Christine MONNEAU \u00e9leveuse de ch\u00e8vres et son fils Rapha\u00ebl  qui reprend l\u2019exploitation familiale dans les Deux-S\u00e8vres","link":"https:\/\/agriweb.tv\/index.php\/emission\/100-ans-chambres-agri\/","name":"100 ANS CHAMBRES AGRI","slug":"100-ans-chambres-agri","taxonomy":"emission","parent":0,"meta":[],"acf":[],"yoast_head":"<!-- This site is optimized with the Yoast SEO plugin v20.7 - https:\/\/yoast.com\/wordpress\/plugins\/seo\/ -->\n<title>100 ANS CHAMBRES AGRI - AGRIWEB TV<\/title>\n<meta name=\"robots\" content=\"index, follow, max-snippet:-1, max-image-preview:large, max-video-preview:-1\" \/>\n<link rel=\"canonical\" href=\"https:\/\/agriweb.tv\/index.php\/emission\/100-ans-chambres-agri\/\" \/>\n<meta property=\"og:locale\" content=\"fr_FR\" \/>\n<meta property=\"og:type\" content=\"article\" \/>\n<meta property=\"og:title\" content=\"100 ANS CHAMBRES AGRI - AGRIWEB TV\" \/>\n<meta property=\"og:description\" content=\"La soir\u00e9e du 21 mai 2024 a \u00e9t\u00e9 l&rsquo;occasion de d\u00e9couvrir les diff\u00e9rents visages de l&rsquo;agriculture r\u00e9gionale au travers de t\u00e9moignages d\u2019agricultrices et agriculteurs : &#8211; No\u00e9mie TANNEAU, \u00ab Viticultrice engag\u00e9e \u00bb en Gironde \u2013 Lo\u00efc KERNANET, en GAEC \u00ab hors cadre \u00bb \u2013 La Maisonneuve en Corr\u00e8ze \u2013 Patricia REBILLOU optimiste pour son fils Gr\u00e9gory face aux d\u00e9fis de production de fraises en Dordogne \u2013 Charlotte PEYRAUBE, \u00ab Les 3 vies d\u2019une jeune maman agricultrice \u00bb dans les Landes \u2013 Guillaume CHAMOULEAU, \u00ab Producteur de richesses v\u00e9g\u00e9tales \u00bb en Charente \u2013 Christine MONNEAU \u00e9leveuse de ch\u00e8vres et son fils Rapha\u00ebl qui reprend l\u2019exploitation familiale dans les Deux-S\u00e8vres\" \/>\n<meta property=\"og:url\" content=\"https:\/\/agriweb.tv\/index.php\/emission\/100-ans-chambres-agri\/\" \/>\n<meta property=\"og:site_name\" content=\"AGRIWEB TV\" \/>\n<meta name=\"twitter:card\" content=\"summary_large_image\" \/>\n<meta name=\"twitter:site\" content=\"@Agri_Aquitaine\" \/>\n<script type=\"application\/ld+json\" class=\"yoast-schema-graph\">{\"@context\":\"https:\/\/schema.org\",\"@graph\":[{\"@type\":\"CollectionPage\",\"@id\":\"https:\/\/agriweb.tv\/index.php\/emission\/100-ans-chambres-agri\/\",\"url\":\"https:\/\/agriweb.tv\/index.php\/emission\/100-ans-chambres-agri\/\",\"name\":\"100 ANS CHAMBRES AGRI - AGRIWEB TV\",\"isPartOf\":{\"@id\":\"https:\/\/agriweb.tv\/#website\"},\"breadcrumb\":{\"@id\":\"https:\/\/agriweb.tv\/index.php\/emission\/100-ans-chambres-agri\/#breadcrumb\"},\"inLanguage\":\"fr-FR\"},{\"@type\":\"BreadcrumbList\",\"@id\":\"https:\/\/agriweb.tv\/index.php\/emission\/100-ans-chambres-agri\/#breadcrumb\",\"itemListElement\":[{\"@type\":\"ListItem\",\"position\":1,\"name\":\"Accueil\",\"item\":\"https:\/\/agriweb.tv\/\"},{\"@type\":\"ListItem\",\"position\":2,\"name\":\"100 ANS CHAMBRES AGRI\"}]},{\"@type\":\"WebSite\",\"@id\":\"https:\/\/agriweb.tv\/#website\",\"url\":\"https:\/\/agriweb.tv\/\",\"name\":\"AGRIWEB TV\",\"description\":\"Parlons agricultures en Nouvelle-Aquitaine\",\"potentialAction\":[{\"@type\":\"SearchAction\",\"target\":{\"@type\":\"EntryPoint\",\"urlTemplate\":\"https:\/\/agriweb.tv\/?s={search_term_string}\"},\"query-input\":\"required name=search_term_string\"}],\"inLanguage\":\"fr-FR\"}]}<\/script>\n<!-- \/ Yoast SEO plugin. -->","yoast_head_json":{"title":"100 ANS CHAMBRES AGRI - AGRIWEB TV","robots":{"index":"index","follow":"follow","max-snippet":"max-snippet:-1","max-image-preview":"max-image-preview:large","max-video-preview":"max-video-preview:-1"},"canonical":"https:\/\/agriweb.tv\/index.php\/emission\/100-ans-chambres-agri\/","og_locale":"fr_FR","og_type":"article","og_title":"100 ANS CHAMBRES AGRI - AGRIWEB TV","og_description":"La soir\u00e9e du 21 mai 2024 a \u00e9t\u00e9 l&rsquo;occasion de d\u00e9couvrir les diff\u00e9rents visages de l&rsquo;agriculture r\u00e9gionale au travers de t\u00e9moignages d\u2019agricultrices et agriculteurs : &#8211; No\u00e9mie TANNEAU, \u00ab Viticultrice engag\u00e9e \u00bb en Gironde \u2013 Lo\u00efc KERNANET, en GAEC \u00ab hors cadre \u00bb \u2013 La Maisonneuve en Corr\u00e8ze \u2013 Patricia REBILLOU optimiste pour son fils Gr\u00e9gory face aux d\u00e9fis de production de fraises en Dordogne \u2013 Charlotte PEYRAUBE, \u00ab Les 3 vies d\u2019une jeune maman agricultrice \u00bb dans les Landes \u2013 Guillaume CHAMOULEAU, \u00ab Producteur de richesses v\u00e9g\u00e9tales \u00bb en Charente \u2013 Christine MONNEAU \u00e9leveuse de ch\u00e8vres et son fils Rapha\u00ebl qui reprend l\u2019exploitation familiale dans les Deux-S\u00e8vres","og_url":"https:\/\/agriweb.tv\/index.php\/emission\/100-ans-chambres-agri\/","og_site_name":"AGRIWEB TV","twitter_card":"summary_large_image","twitter_site":"@Agri_Aquitaine","schema":{"@context":"https:\/\/schema.org","@graph":[{"@type":"CollectionPage","@id":"https:\/\/agriweb.tv\/index.php\/emission\/100-ans-chambres-agri\/","url":"https:\/\/agriweb.tv\/index.php\/emission\/100-ans-chambres-agri\/","name":"100 ANS CHAMBRES AGRI - AGRIWEB TV","isPartOf":{"@id":"https:\/\/agriweb.tv\/#website"},"breadcrumb":{"@id":"https:\/\/agriweb.tv\/index.php\/emission\/100-ans-chambres-agri\/#breadcrumb"},"inLanguage":"fr-FR"},{"@type":"BreadcrumbList","@id":"https:\/\/agriweb.tv\/index.php\/emission\/100-ans-chambres-agri\/#breadcrumb","itemListElement":[{"@type":"ListItem","position":1,"name":"Accueil","item":"https:\/\/agriweb.tv\/"},{"@type":"ListItem","position":2,"name":"100 ANS CHAMBRES AGRI"}]},{"@type":"WebSite","@id":"https:\/\/agriweb.tv\/#website","url":"https:\/\/agriweb.tv\/","name":"AGRIWEB TV","description":"Parlons agricultures en Nouvelle-Aquitaine","potentialAction":[{"@type":"SearchAction","target":{"@type":"EntryPoint","urlTemplate":"https:\/\/agriweb.tv\/?s={search_term_string}"},"query-input":"required name=search_term_string"}],"inLanguage":"fr-FR"}]}},"_links":{"self":[{"href":"https:\/\/agriweb.tv\/index.php\/wp-json\/wp\/v2\/emission\/1832"}],"collection":[{"href":"https:\/\/agriweb.tv\/index.php\/wp-json\/wp\/v2\/emission"}],"about":[{"href":"https:\/\/agriweb.tv\/index.php\/wp-json\/wp\/v2\/taxonomies\/emission"}]}}